{"id":286,"date":"2021-07-13T10:45:16","date_gmt":"2021-07-13T10:45:16","guid":{"rendered":"https:\/\/sigtus.com\/escola\/?p=286"},"modified":"2022-06-15T15:35:53","modified_gmt":"2022-06-15T15:35:53","slug":"classe-21-geografia-part-i","status":"publish","type":"post","link":"https:\/\/sigtus.com\/escola\/classe-21-geografia-part-i\/","title":{"rendered":"Classe 21. Geografia. Part I"},"content":{"rendered":"\n<div style=\"height:40px\" aria-hidden=\"true\" class=\"wp-block-spacer\"><\/div>\n\n\n<div class=\"wp-block-image\">\n<figure class=\"aligncenter size-full\"><img loading=\"lazy\" decoding=\"async\" width=\"800\" height=\"450\" src=\"https:\/\/sigtus.com\/escola\/wp-content\/uploads\/2021\/07\/L21_classe_sigtus.jpg\" alt=\"\" class=\"wp-image-1030\" srcset=\"https:\/\/sigtus.com\/escola\/wp-content\/uploads\/2021\/07\/L21_classe_sigtus.jpg 800w, https:\/\/sigtus.com\/escola\/wp-content\/uploads\/2021\/07\/L21_classe_sigtus-300x169.jpg 300w, https:\/\/sigtus.com\/escola\/wp-content\/uploads\/2021\/07\/L21_classe_sigtus-768x432.jpg 768w\" sizes=\"auto, (max-width: 800px) 100vw, 800px\" \/><\/figure><\/div>\n\n\n<p>El tema de la geografia est\u00e0 dividit en dues lli\u00e7ons, una nacional i una internacional. En aquesta lli\u00e7\u00f3 comen\u00e7arem estudiant els signes relacionts amb la geografia espanyola. Tot i aix\u00ed hi ha un v\u00eddeo introductori del vocabulari dels continents, per a tal de poder situar la geograf\u00eda espanyola en el continent europeu.<\/p>\n\n\n\n<p>A continuaci\u00f3 podr\u00e0s visualitzar el v\u00eddeo dels cinc continents del m\u00f3n.<\/p>\n\n\n\n<p>Recorda que la din\u00e0mica per treballar amb els materials tamb\u00e9 \u00e9s pr\u00e0ctica. Consisteix en visualitzar els v\u00eddeos m\u00e9s d\u2019una vegada, realitzar el signe e intentar memoritzar els signes principals.<\/p>\n\n\n\n<div style=\"height:56px\" aria-hidden=\"true\" class=\"wp-block-spacer\"><\/div>\n\n\n<div class=\"rcp_restricted rcp_paid_only\"><p><!-- wp:paragraph {\"backgroundColor\":\"very-light-gray\"} --><\/p>\n<p class=\"has-background has-very-light-gray-background-color\"><i class=\"fas fa-lock\"> <\/i> El contingut \u00e9s \u00fanicament disponible per a subscriptors. Pots <a href=\"#login\"> identificar-te en aquest enlla\u00e7 <\/a> o <a href=\"https:\/\/sigtus.com\/escola\/subscripcio\/\"> subscriure't a l'escola<\/a>.<\/p>\n<p><!-- \/wp:paragraph --><\/p>\n<\/div>\n","protected":false},"excerpt":{"rendered":"<p>Estudiarem les Comunitats Aut\u00f2nomes, les diferents ciutats i alguns pobles m\u00e9s rellevants de la geografia espanyola. Hi ha l&#8217;opci\u00f3 de treballar Catalunya de forma m\u00e9s detallada, en funci\u00f3 dels interessos dels alumnes.<\/p>\n","protected":false},"author":1,"featured_media":1030,"comment_status":"open","ping_status":"open","sticky":false,"template":"","format":"standard","meta":{"_genesis_hide_title":false,"_genesis_hide_breadcrumbs":false,"_genesis_hide_singular_image":false,"_genesis_hide_footer_widgets":false,"_genesis_custom_body_class":"","_genesis_custom_post_class":"","_genesis_layout":"","footnotes":""},"categories":[4],"tags":[],"class_list":{"0":"post-286","1":"post","2":"type-post","3":"status-publish","4":"format-standard","5":"has-post-thumbnail","7":"category-classes","8":"entry"},"featured_image_urls_v2":{"full":["https:\/\/sigtus.com\/escola\/wp-content\/uploads\/2021\/07\/L21_classe_sigtus.jpg",800,450,false],"thumbnail":["https:\/\/sigtus.com\/escola\/wp-content\/uploads\/2021\/07\/L21_classe_sigtus-150x150.jpg",150,150,true],"medium":["https:\/\/sigtus.com\/escola\/wp-content\/uploads\/2021\/07\/L21_classe_sigtus-300x169.jpg",300,169,true],"medium_large":["https:\/\/sigtus.com\/escola\/wp-content\/uploads\/2021\/07\/L21_classe_sigtus-768x432.jpg",768,432,true],"large":["https:\/\/sigtus.com\/escola\/wp-content\/uploads\/2021\/07\/L21_classe_sigtus.jpg",800,450,false],"course_archive_thumbnail":["https:\/\/sigtus.com\/escola\/wp-content\/uploads\/2021\/07\/L21_classe_sigtus.jpg",100,56,false],"course_single_thumbnail":["https:\/\/sigtus.com\/escola\/wp-content\/uploads\/2021\/07\/L21_classe_sigtus.jpg",100,56,false],"lesson_archive_thumbnail":["https:\/\/sigtus.com\/escola\/wp-content\/uploads\/2021\/07\/L21_classe_sigtus.jpg",100,56,false],"lesson_single_thumbnail":["https:\/\/sigtus.com\/escola\/wp-content\/uploads\/2021\/07\/L21_classe_sigtus.jpg",100,56,false],"1536x1536":["https:\/\/sigtus.com\/escola\/wp-content\/uploads\/2021\/07\/L21_classe_sigtus.jpg",800,450,false],"2048x2048":["https:\/\/sigtus.com\/escola\/wp-content\/uploads\/2021\/07\/L21_classe_sigtus.jpg",800,450,false],"sidebar-featured":["https:\/\/sigtus.com\/escola\/wp-content\/uploads\/2021\/07\/L21_classe_sigtus-75x75.jpg",75,75,true],"genesis-singular-images":["https:\/\/sigtus.com\/escola\/wp-content\/uploads\/2021\/07\/L21_classe_sigtus-702x450.jpg",702,450,true],"Grid":["https:\/\/sigtus.com\/escola\/wp-content\/uploads\/2021\/07\/L21_classe_sigtus.jpg",520,293,false],"gb-block-post-grid-landscape":["https:\/\/sigtus.com\/escola\/wp-content\/uploads\/2021\/07\/L21_classe_sigtus-600x400.jpg",600,400,true],"gb-block-post-grid-square":["https:\/\/sigtus.com\/escola\/wp-content\/uploads\/2021\/07\/L21_classe_sigtus-600x450.jpg",600,450,true]},"post_excerpt_stackable_v2":"<p>Estudiarem les Comunitats Aut\u00f2nomes, les diferents ciutats i alguns pobles m\u00e9s rellevants de la geografia espanyola. Hi ha l&#8217;opci\u00f3 de treballar Catalunya de forma m\u00e9s detallada, en funci\u00f3 dels interessos dels alumnes.<\/p>\n","category_list_v2":"<a href=\"https:\/\/sigtus.com\/escola\/categoria\/classes\/\" rel=\"category tag\">Classes<\/a>","author_info_v2":{"name":"Administrador","url":"https:\/\/sigtus.com\/escola\/author\/leztisaicam\/"},"comments_num_v2":"0 comentarios","featured_image_src":"https:\/\/sigtus.com\/escola\/wp-content\/uploads\/2021\/07\/L21_classe_sigtus-600x400.jpg","featured_image_src_square":"https:\/\/sigtus.com\/escola\/wp-content\/uploads\/2021\/07\/L21_classe_sigtus-600x450.jpg","author_info":{"display_name":"Administrador","author_link":"https:\/\/sigtus.com\/escola\/author\/leztisaicam\/"},"_links":{"self":[{"href":"https:\/\/sigtus.com\/escola\/wp-json\/wp\/v2\/posts\/286","targetHints":{"allow":["GET"]}}],"collection":[{"href":"https:\/\/sigtus.com\/escola\/wp-json\/wp\/v2\/posts"}],"about":[{"href":"https:\/\/sigtus.com\/escola\/wp-json\/wp\/v2\/types\/post"}],"author":[{"embeddable":true,"href":"https:\/\/sigtus.com\/escola\/wp-json\/wp\/v2\/users\/1"}],"replies":[{"embeddable":true,"href":"https:\/\/sigtus.com\/escola\/wp-json\/wp\/v2\/comments?post=286"}],"version-history":[{"count":9,"href":"https:\/\/sigtus.com\/escola\/wp-json\/wp\/v2\/posts\/286\/revisions"}],"predecessor-version":[{"id":2237,"href":"https:\/\/sigtus.com\/escola\/wp-json\/wp\/v2\/posts\/286\/revisions\/2237"}],"wp:featuredmedia":[{"embeddable":true,"href":"https:\/\/sigtus.com\/escola\/wp-json\/wp\/v2\/media\/1030"}],"wp:attachment":[{"href":"https:\/\/sigtus.com\/escola\/wp-json\/wp\/v2\/media?parent=286"}],"wp:term":[{"taxonomy":"category","embeddable":true,"href":"https:\/\/sigtus.com\/escola\/wp-json\/wp\/v2\/categories?post=286"},{"taxonomy":"post_tag","embeddable":true,"href":"https:\/\/sigtus.com\/escola\/wp-json\/wp\/v2\/tags?post=286"}],"curies":[{"name":"wp","href":"https:\/\/api.w.org\/{rel}","templated":true}]}}